{"id":809,"date":"2017-05-04T19:24:32","date_gmt":"2017-05-04T19:24:32","guid":{"rendered":"https:\/\/fiolinjurylaw.wpenginepowered.com\/blog\/a-crisis-in-daycare-facilities-the-tragedy-of-childrens-innocence\/"},"modified":"2026-01-07T18:21:03","modified_gmt":"2026-01-07T23:21:03","slug":"a-crisis-in-daycare-facilities-the-tragedy-of-childrens-innocence","status":"publish","type":"post","link":"https:\/\/www.fiolinjurylaw.com\/es\/blog\/a-crisis-in-daycare-facilities-the-tragedy-of-childrens-innocence\/","title":{"rendered":"Una crisis en las guarder\u00edas: La tragedia de la inocencia infantil"},"content":{"rendered":"<p>Hay una crisis desgarradora en <a href=\"https:\/\/www.fiolinjurylaw.com\/es\/practice-areas\/day-care-injuries\/\">centros de cuidado infantil<\/a> Un problema que azota a nuestra sociedad desde hace demasiado tiempo es la agresi\u00f3n sexual a ni\u00f1os inocentes en guarder\u00edas. No se trata solo de un problema social, sino tambi\u00e9n personal, que nos afecta a todos de maneras inimaginables. La sola idea de que un ni\u00f1o sea sometido a semejante trauma es suficiente para helar la sangre incluso a los corazones m\u00e1s duros.<\/p>\n<div id=\"ez-toc-container\" class=\"ez-toc-v2_0_82_2 counter-hierarchy ez-toc-counter ez-toc-grey ez-toc-container-direction\">\n<div class=\"ez-toc-title-container\">\n<p class=\"ez-toc-title\" style=\"cursor:inherit\">Tabla de contenidos<\/p>\n<span class=\"ez-toc-title-toggle\"><a href=\"#\" class=\"ez-toc-pull-right ez-toc-btn ez-toc-btn-xs ez-toc-btn-default ez-toc-toggle\" aria-label=\"Alternar tabla de contenido\"><span class=\"ez-toc-js-icon-con\"><span class=\"\"><span class=\"eztoc-hide\" style=\"display:none;\">Palanca<\/span><span class=\"ez-toc-icon-toggle-span\"><svg style=\"fill: #999;color:#999\" xmlns=\"http:\/\/www.w3.org\/2000\/svg\" class=\"list-377408\" width=\"20px\" height=\"20px\" viewbox=\"0 0 24 24\" fill=\"none\"><path d=\"M6 6H4v2h2V6zm14 0H8v2h12V6zM4 11h2v2H4v-2zm16 0H8v2h12v-2zM4 16h2v2H4v-2zm16 0H8v2h12v-2z\" fill=\"currentColor\"><\/path><\/svg><svg style=\"fill: #999;color:#999\" class=\"arrow-unsorted-368013\" xmlns=\"http:\/\/www.w3.org\/2000\/svg\" width=\"10px\" height=\"10px\" viewbox=\"0 0 24 24\" version=\"1.2\" baseprofile=\"tiny\"><path d=\"M18.2 9.3l-6.2-6.3-6.2 6.3c-.2.2-.3.4-.3.7s.1.5.3.7c.2.2.4.3.7.3h11c.3 0 .5-.1.7-.3.2-.2.3-.5.3-.7s-.1-.5-.3-.7zM5.8 14.7l6.2 6.3 6.2-6.3c.2-.2.3-.5.3-.7s-.1-.5-.3-.7c-.2-.2-.4-.3-.7-.3h-11c-.3 0-.5.1-.7.3-.2.2-.3.5-.3.7s.1.5.3.7z\"\/><\/svg><\/span><\/span><\/span><\/a><\/span><\/div>\n<nav><ul class='ez-toc-list ez-toc-list-level-1 eztoc-toggle-hide-by-default' ><li class='ez-toc-page-1 ez-toc-heading-level-2'><a class=\"ez-toc-link ez-toc-heading-1\" href=\"https:\/\/www.fiolinjurylaw.com\/es\/blog\/a-crisis-in-daycare-facilities-the-tragedy-of-childrens-innocence\/#Protection_of_Children_from_the_Crisis_in_Daycare_Facilities\" >Protecci\u00f3n de los ni\u00f1os frente a la crisis en las guarder\u00edas<\/a><\/li><li class='ez-toc-page-1 ez-toc-heading-level-2'><a class=\"ez-toc-link ez-toc-heading-2\" href=\"https:\/\/www.fiolinjurylaw.com\/es\/blog\/a-crisis-in-daycare-facilities-the-tragedy-of-childrens-innocence\/#Taking_Action_with_Background_Checks\" >Tomar medidas con las verificaciones de antecedentes<\/a><\/li><li class='ez-toc-page-1 ez-toc-heading-level-2'><a class=\"ez-toc-link ez-toc-heading-3\" href=\"https:\/\/www.fiolinjurylaw.com\/es\/blog\/a-crisis-in-daycare-facilities-the-tragedy-of-childrens-innocence\/#Protocols_to_Combat_the_Crisis_in_Daycare_Facilities\" >Protocolos para combatir la crisis en las guarder\u00edas<\/a><\/li><li class='ez-toc-page-1 ez-toc-heading-level-2'><a class=\"ez-toc-link ez-toc-heading-4\" href=\"https:\/\/www.fiolinjurylaw.com\/es\/blog\/a-crisis-in-daycare-facilities-the-tragedy-of-childrens-innocence\/#Education_as_a_Tool_of_Prevention\" >La educaci\u00f3n como herramienta de prevenci\u00f3n<\/a><\/li><\/ul><\/nav><\/div>\n<h2><span class=\"ez-toc-section\" id=\"Protection_of_Children_from_the_Crisis_in_Daycare_Facilities\"><\/span>Protecci\u00f3n de los ni\u00f1os frente a la crisis en las guarder\u00edas<span class=\"ez-toc-section-end\"><\/span><\/h2>\n<p>Como sociedad, tenemos la obligaci\u00f3n moral de proteger a nuestros ciudadanos m\u00e1s vulnerables: nuestros ni\u00f1os. Sin embargo, una y otra vez, no cumplimos con esa obligaci\u00f3n. Ni\u00f1os que deber\u00edan estar seguros y protegidos al cuidado de otros son, en cambio, v\u00edctimas de actos indescriptibles de violencia y explotaci\u00f3n. Esta es una tragedia que debemos afrontar de frente y para la que debemos trabajar juntos para ponerle fin.<\/p>\n<p>Entonces, \u00bfc\u00f3mo podemos resolver esta crisis? Para empezar, debemos reconocer que no se trata de un problema exclusivo de una zona geogr\u00e1fica o grupo demogr\u00e1fico espec\u00edfico. Es un problema nacional que afecta a ni\u00f1os y ni\u00f1as de todas las clases sociales y de todo el pa\u00eds. Y, lamentablemente, no es un problema que vaya a desaparecer por s\u00ed solo. Es un problema que requiere la acci\u00f3n de todos y cada uno de nosotros.<\/p>\n<h2><span class=\"ez-toc-section\" id=\"Taking_Action_with_Background_Checks\"><\/span>Tomar medidas con las verificaciones de antecedentes<span class=\"ez-toc-section-end\"><\/span><\/h2>\n<p>Una forma de actuar es exigir mejores verificaciones de antecedentes para los empleados y voluntarios de las guarder\u00edas. Si bien muchos centros ya realizan estas verificaciones, siempre hay margen de mejora para evitar esta crisis en las guarder\u00edas. En muchos casos, quienes han cometido cr\u00edmenes atroces contra ni\u00f1os tienen antecedentes de este tipo de comportamiento, y las verificaciones de antecedentes pueden ayudar a evitar que estas personas sean contratadas para puestos de confianza y responsabilidad.<\/p>\n<h2><span class=\"ez-toc-section\" id=\"Protocols_to_Combat_the_Crisis_in_Daycare_Facilities\"><\/span>Protocolos para combatir la crisis en las guarder\u00edas<span class=\"ez-toc-section-end\"><\/span><\/h2>\n<p>Adem\u00e1s, debemos asegurarnos de que, para evitar la crisis en las guarder\u00edas, estas cuenten con los protocolos adecuados para proteger a los ni\u00f1os. Esto puede incluir medidas como la instalaci\u00f3n de sistemas de videovigilancia, la presencia constante de varios empleados y la existencia de pol\u00edticas y procedimientos claros para denunciar casos de presunto abuso.<\/p>\n<h2><span class=\"ez-toc-section\" id=\"Education_as_a_Tool_of_Prevention\"><\/span>La educaci\u00f3n como herramienta de prevenci\u00f3n<span class=\"ez-toc-section-end\"><\/span><\/h2>\n<p>Finalmente, debemos ser vigilantes y proactivos a la hora de educar tanto a los ni\u00f1os como a sus cuidadores sobre las se\u00f1ales de alerta del abuso. Se debe ense\u00f1ar a los ni\u00f1os acerca de su cuerpo, qu\u00e9 tipo de contacto es apropiado y c\u00f3mo expresarse si se sienten inc\u00f3modos. <a href=\"https:\/\/spectrumnews1.com\/ky\/louisville\/news\/2023\/10\/04\/kosair-for-kids-signs-of-child-abuse-training\">Mientras tanto, los cuidadores deben recibir capacitaci\u00f3n para reconocer los signos de abuso.<\/a>, y saber qu\u00e9 hacer si sospechan que est\u00e1 ocurriendo.<\/p>\n<p>Esta crisis en las guarder\u00edas no es solo un problema social, sino tambi\u00e9n personal. Nos afecta a todos y cada uno de nosotros, y es nuestra responsabilidad ponerle fin. No podemos seguir ignorando esta tragedia. Debemos actuar para proteger a nuestros hijos y garantizar que su inocencia no sea mancillada por los actos atroces de unos pocos.<\/p>","protected":false},"excerpt":{"rendered":"<p>There is a heart-wrenching crisis in daycare facilities that has been plaguing our society for far too long: the sexual assault of innocent children in daycare facilities. This is not just a societal problem, but a personal one that affects each and every one of us in ways we cannot begin to imagine. The thought [&hellip;]<\/p>\n","protected":false},"author":4,"featured_media":0,"comment_status":"closed","ping_status":"open","sticky":false,"template":"","format":"standard","meta":{"_acf_changed":false,"inline_featured_image":false,"footnotes":""},"categories":[28,33],"tags":[],"class_list":["post-809","post","type-post","status-publish","format-standard","hentry","category-laws","category-safety"],"acf":[],"yoast_head":"<!-- This site is optimized with the Yoast SEO plugin v27.4 - https:\/\/yoast.com\/product\/yoast-seo-wordpress\/ -->\n<title>A Crisis in Daycare Facilities: The Tragedy of Children&#039;s Innocence<\/title>\n<meta name=\"description\" content=\"Expose the crisis of child sexual abuse in daycare facilities and learn how better checks, protocols, and education can help protect children\u2019s innocence.\" \/>\n<meta name=\"robots\" content=\"index, follow, max-snippet:-1, max-image-preview:large, max-video-preview:-1\" \/>\n<link rel=\"canonical\" href=\"https:\/\/www.fiolinjurylaw.com\/es\/blog\/a-crisis-in-daycare-facilities-the-tragedy-of-childrens-innocence\/\" \/>\n<meta property=\"og:locale\" content=\"es_ES\" \/>\n<meta property=\"og:type\" content=\"article\" \/>\n<meta property=\"og:title\" content=\"A Crisis in Daycare Facilities: The Tragedy of Children&#039;s Innocence\" \/>\n<meta property=\"og:description\" content=\"Expose the crisis of child sexual abuse in daycare facilities and learn how better checks, protocols, and education can help protect children\u2019s innocence.\" \/>\n<meta property=\"og:url\" content=\"https:\/\/www.fiolinjurylaw.com\/es\/blog\/a-crisis-in-daycare-facilities-the-tragedy-of-childrens-innocence\/\" \/>\n<meta property=\"og:site_name\" content=\"Fiol &amp; Morros Law Group: Accident &amp; Injury Lawyers\" \/>\n<meta property=\"article:published_time\" content=\"2017-05-04T19:24:32+00:00\" \/>\n<meta property=\"article:modified_time\" content=\"2026-01-07T23:21:03+00:00\" \/>\n<meta name=\"author\" content=\"Alina Morros\" \/>\n<meta name=\"twitter:card\" content=\"summary_large_image\" \/>\n<meta name=\"twitter:label1\" content=\"Written by\" \/>\n\t<meta name=\"twitter:data1\" content=\"Alina Morros\" \/>\n\t<meta name=\"twitter:label2\" content=\"Est. reading time\" \/>\n\t<meta name=\"twitter:data2\" content=\"3 minutos\" \/>\n<script type=\"application\/ld+json\" class=\"yoast-schema-graph\">{\"@context\":\"https:\\\/\\\/schema.org\",\"@graph\":[{\"@type\":\"Article\",\"@id\":\"https:\\\/\\\/www.fiolinjurylaw.com\\\/blog\\\/a-crisis-in-daycare-facilities-the-tragedy-of-childrens-innocence\\\/#article\",\"isPartOf\":{\"@id\":\"https:\\\/\\\/www.fiolinjurylaw.com\\\/blog\\\/a-crisis-in-daycare-facilities-the-tragedy-of-childrens-innocence\\\/\"},\"author\":{\"name\":\"Alina Morros\",\"@id\":\"https:\\\/\\\/www.fiolinjurylaw.com\\\/#\\\/schema\\\/person\\\/8db336098ad00ba51d80bf8d774fb6ce\"},\"headline\":\"A Crisis in Daycare Facilities: The Tragedy of Children's Innocence\",\"datePublished\":\"2017-05-04T19:24:32+00:00\",\"dateModified\":\"2026-01-07T23:21:03+00:00\",\"mainEntityOfPage\":{\"@id\":\"https:\\\/\\\/www.fiolinjurylaw.com\\\/blog\\\/a-crisis-in-daycare-facilities-the-tragedy-of-childrens-innocence\\\/\"},\"wordCount\":515,\"articleSection\":[\"Laws\",\"Safety\"],\"inLanguage\":\"es\"},{\"@type\":\"WebPage\",\"@id\":\"https:\\\/\\\/www.fiolinjurylaw.com\\\/blog\\\/a-crisis-in-daycare-facilities-the-tragedy-of-childrens-innocence\\\/\",\"url\":\"https:\\\/\\\/www.fiolinjurylaw.com\\\/blog\\\/a-crisis-in-daycare-facilities-the-tragedy-of-childrens-innocence\\\/\",\"name\":\"A Crisis in Daycare Facilities: The Tragedy of Children's Innocence\",\"isPartOf\":{\"@id\":\"https:\\\/\\\/www.fiolinjurylaw.com\\\/#website\"},\"datePublished\":\"2017-05-04T19:24:32+00:00\",\"dateModified\":\"2026-01-07T23:21:03+00:00\",\"author\":{\"@id\":\"https:\\\/\\\/www.fiolinjurylaw.com\\\/#\\\/schema\\\/person\\\/8db336098ad00ba51d80bf8d774fb6ce\"},\"description\":\"Expose the crisis of child sexual abuse in daycare facilities and learn how better checks, protocols, and education can help protect children\u2019s innocence.\",\"breadcrumb\":{\"@id\":\"https:\\\/\\\/www.fiolinjurylaw.com\\\/blog\\\/a-crisis-in-daycare-facilities-the-tragedy-of-childrens-innocence\\\/#breadcrumb\"},\"inLanguage\":\"es\",\"potentialAction\":[{\"@type\":\"ReadAction\",\"target\":[\"https:\\\/\\\/www.fiolinjurylaw.com\\\/blog\\\/a-crisis-in-daycare-facilities-the-tragedy-of-childrens-innocence\\\/\"]}]},{\"@type\":\"BreadcrumbList\",\"@id\":\"https:\\\/\\\/www.fiolinjurylaw.com\\\/blog\\\/a-crisis-in-daycare-facilities-the-tragedy-of-childrens-innocence\\\/#breadcrumb\",\"itemListElement\":[{\"@type\":\"ListItem\",\"position\":1,\"name\":\"Home\",\"item\":\"https:\\\/\\\/www.fiolinjurylaw.com\\\/\"},{\"@type\":\"ListItem\",\"position\":2,\"name\":\"A Crisis in Daycare Facilities: The Tragedy of Children's Innocence\"}]},{\"@type\":\"WebSite\",\"@id\":\"https:\\\/\\\/www.fiolinjurylaw.com\\\/#website\",\"url\":\"https:\\\/\\\/www.fiolinjurylaw.com\\\/\",\"name\":\"Fiol &amp; Morros Law Group: Accident &amp; Injury Lawyers\",\"description\":\"\",\"potentialAction\":[{\"@type\":\"SearchAction\",\"target\":{\"@type\":\"EntryPoint\",\"urlTemplate\":\"https:\\\/\\\/www.fiolinjurylaw.com\\\/?s={search_term_string}\"},\"query-input\":{\"@type\":\"PropertyValueSpecification\",\"valueRequired\":true,\"valueName\":\"search_term_string\"}}],\"inLanguage\":\"es\"},{\"@type\":\"Person\",\"@id\":\"https:\\\/\\\/www.fiolinjurylaw.com\\\/#\\\/schema\\\/person\\\/8db336098ad00ba51d80bf8d774fb6ce\",\"name\":\"Alina Morros\",\"image\":{\"@type\":\"ImageObject\",\"inLanguage\":\"es\",\"@id\":\"https:\\\/\\\/secure.gravatar.com\\\/avatar\\\/12dd98e46bea2c145efa39e5e27ea7a4be839236e9423af3130485de2ecc6dd5?s=96&d=mm&r=g\",\"url\":\"https:\\\/\\\/secure.gravatar.com\\\/avatar\\\/12dd98e46bea2c145efa39e5e27ea7a4be839236e9423af3130485de2ecc6dd5?s=96&d=mm&r=g\",\"contentUrl\":\"https:\\\/\\\/secure.gravatar.com\\\/avatar\\\/12dd98e46bea2c145efa39e5e27ea7a4be839236e9423af3130485de2ecc6dd5?s=96&d=mm&r=g\",\"caption\":\"Alina Morros\"},\"description\":\"Female\",\"sameAs\":[\"https:\\\/\\\/www.fiolinjurylaw.com\\\/attorneys\\\/alina-morros\\\/\"]}]}<\/script>\n<!-- \/ Yoast SEO plugin. -->","yoast_head_json":{"title":"Una crisis en las guarder\u00edas: La tragedia de la inocencia infantil","description":"Denuncie la crisis del abuso sexual infantil en las guarder\u00edas y aprenda c\u00f3mo mejores controles, protocolos y educaci\u00f3n pueden ayudar a proteger la inocencia de los ni\u00f1os.","robots":{"index":"index","follow":"follow","max-snippet":"max-snippet:-1","max-image-preview":"max-image-preview:large","max-video-preview":"max-video-preview:-1"},"canonical":"https:\/\/www.fiolinjurylaw.com\/es\/blog\/a-crisis-in-daycare-facilities-the-tragedy-of-childrens-innocence\/","og_locale":"es_ES","og_type":"article","og_title":"A Crisis in Daycare Facilities: The Tragedy of Children's Innocence","og_description":"Expose the crisis of child sexual abuse in daycare facilities and learn how better checks, protocols, and education can help protect children\u2019s innocence.","og_url":"https:\/\/www.fiolinjurylaw.com\/es\/blog\/a-crisis-in-daycare-facilities-the-tragedy-of-childrens-innocence\/","og_site_name":"Fiol &amp; Morros Law Group: Accident &amp; Injury Lawyers","article_published_time":"2017-05-04T19:24:32+00:00","article_modified_time":"2026-01-07T23:21:03+00:00","author":"Alina Morros","twitter_card":"summary_large_image","twitter_misc":{"Written by":"Alina Morros","Est. reading time":"3 minutos"},"schema":{"@context":"https:\/\/schema.org","@graph":[{"@type":"Article","@id":"https:\/\/www.fiolinjurylaw.com\/blog\/a-crisis-in-daycare-facilities-the-tragedy-of-childrens-innocence\/#article","isPartOf":{"@id":"https:\/\/www.fiolinjurylaw.com\/blog\/a-crisis-in-daycare-facilities-the-tragedy-of-childrens-innocence\/"},"author":{"name":"Alina Morros","@id":"https:\/\/www.fiolinjurylaw.com\/#\/schema\/person\/8db336098ad00ba51d80bf8d774fb6ce"},"headline":"A Crisis in Daycare Facilities: The Tragedy of Children's Innocence","datePublished":"2017-05-04T19:24:32+00:00","dateModified":"2026-01-07T23:21:03+00:00","mainEntityOfPage":{"@id":"https:\/\/www.fiolinjurylaw.com\/blog\/a-crisis-in-daycare-facilities-the-tragedy-of-childrens-innocence\/"},"wordCount":515,"articleSection":["Laws","Safety"],"inLanguage":"es"},{"@type":"WebPage","@id":"https:\/\/www.fiolinjurylaw.com\/blog\/a-crisis-in-daycare-facilities-the-tragedy-of-childrens-innocence\/","url":"https:\/\/www.fiolinjurylaw.com\/blog\/a-crisis-in-daycare-facilities-the-tragedy-of-childrens-innocence\/","name":"Una crisis en las guarder\u00edas: La tragedia de la inocencia infantil","isPartOf":{"@id":"https:\/\/www.fiolinjurylaw.com\/#website"},"datePublished":"2017-05-04T19:24:32+00:00","dateModified":"2026-01-07T23:21:03+00:00","author":{"@id":"https:\/\/www.fiolinjurylaw.com\/#\/schema\/person\/8db336098ad00ba51d80bf8d774fb6ce"},"description":"Denuncie la crisis del abuso sexual infantil en las guarder\u00edas y aprenda c\u00f3mo mejores controles, protocolos y educaci\u00f3n pueden ayudar a proteger la inocencia de los ni\u00f1os.","breadcrumb":{"@id":"https:\/\/www.fiolinjurylaw.com\/blog\/a-crisis-in-daycare-facilities-the-tragedy-of-childrens-innocence\/#breadcrumb"},"inLanguage":"es","potentialAction":[{"@type":"ReadAction","target":["https:\/\/www.fiolinjurylaw.com\/blog\/a-crisis-in-daycare-facilities-the-tragedy-of-childrens-innocence\/"]}]},{"@type":"BreadcrumbList","@id":"https:\/\/www.fiolinjurylaw.com\/blog\/a-crisis-in-daycare-facilities-the-tragedy-of-childrens-innocence\/#breadcrumb","itemListElement":[{"@type":"ListItem","position":1,"name":"Home","item":"https:\/\/www.fiolinjurylaw.com\/"},{"@type":"ListItem","position":2,"name":"A Crisis in Daycare Facilities: The Tragedy of Children's Innocence"}]},{"@type":"WebSite","@id":"https:\/\/www.fiolinjurylaw.com\/#website","url":"https:\/\/www.fiolinjurylaw.com\/","name":"Bufete Fiol &amp; Morros: Abogados especializados en accidentes y lesiones","description":"","potentialAction":[{"@type":"SearchAction","target":{"@type":"EntryPoint","urlTemplate":"https:\/\/www.fiolinjurylaw.com\/?s={search_term_string}"},"query-input":{"@type":"PropertyValueSpecification","valueRequired":true,"valueName":"search_term_string"}}],"inLanguage":"es"},{"@type":"Person","@id":"https:\/\/www.fiolinjurylaw.com\/#\/schema\/person\/8db336098ad00ba51d80bf8d774fb6ce","name":"Alina Morros","image":{"@type":"ImageObject","inLanguage":"es","@id":"https:\/\/secure.gravatar.com\/avatar\/12dd98e46bea2c145efa39e5e27ea7a4be839236e9423af3130485de2ecc6dd5?s=96&d=mm&r=g","url":"https:\/\/secure.gravatar.com\/avatar\/12dd98e46bea2c145efa39e5e27ea7a4be839236e9423af3130485de2ecc6dd5?s=96&d=mm&r=g","contentUrl":"https:\/\/secure.gravatar.com\/avatar\/12dd98e46bea2c145efa39e5e27ea7a4be839236e9423af3130485de2ecc6dd5?s=96&d=mm&r=g","caption":"Alina Morros"},"description":"Femenino","sameAs":["https:\/\/www.fiolinjurylaw.com\/attorneys\/alina-morros\/"]}]}},"_links":{"self":[{"href":"https:\/\/www.fiolinjurylaw.com\/es\/wp-json\/wp\/v2\/posts\/809","targetHints":{"allow":["GET"]}}],"collection":[{"href":"https:\/\/www.fiolinjurylaw.com\/es\/wp-json\/wp\/v2\/posts"}],"about":[{"href":"https:\/\/www.fiolinjurylaw.com\/es\/wp-json\/wp\/v2\/types\/post"}],"author":[{"embeddable":true,"href":"https:\/\/www.fiolinjurylaw.com\/es\/wp-json\/wp\/v2\/users\/4"}],"replies":[{"embeddable":true,"href":"https:\/\/www.fiolinjurylaw.com\/es\/wp-json\/wp\/v2\/comments?post=809"}],"version-history":[{"count":0,"href":"https:\/\/www.fiolinjurylaw.com\/es\/wp-json\/wp\/v2\/posts\/809\/revisions"}],"wp:attachment":[{"href":"https:\/\/www.fiolinjurylaw.com\/es\/wp-json\/wp\/v2\/media?parent=809"}],"wp:term":[{"taxonomy":"category","embeddable":true,"href":"https:\/\/www.fiolinjurylaw.com\/es\/wp-json\/wp\/v2\/categories?post=809"},{"taxonomy":"post_tag","embeddable":true,"href":"https:\/\/www.fiolinjurylaw.com\/es\/wp-json\/wp\/v2\/tags?post=809"}],"curies":[{"name":"wp","href":"https:\/\/api.w.org\/{rel}","templated":true}]}}